{"id":319,"date":"2024-03-08T15:19:58","date_gmt":"2024-03-08T15:19:58","guid":{"rendered":"http:\/\/2013dagyonetisimi.com\/?p=319"},"modified":"2024-03-11T16:44:05","modified_gmt":"2024-03-11T16:44:05","slug":"e-halkin-haklari-ve-e-devletin-sorumluluklari","status":"publish","type":"post","link":"https:\/\/2013dagyonetisimi.com\/index.php\/2024\/03\/08\/e-halkin-haklari-ve-e-devletin-sorumluluklari\/","title":{"rendered":"E-HALKIN HAKLARI VE E-DEVLET\u0130N SORUMLULUKLARI"},"content":{"rendered":"\n<p><strong><em>Prof.Dr.Zerrin Toprak Karaman<\/em><\/strong><\/p>\n\n\n\n<p>E-Devlet, kamu y\u00f6netimi te\u015fkilatlanmas\u0131n\u0131n y\u00fcr\u00fctt\u00fc\u011f\u00fc planlamadan kontrole y\u00f6netim s\u00fcrecinde, kamu hizmetlerinin verimlili\u011fini art\u0131rmada ba\u015fvurulan dijital bir y\u00f6ntemle do\u011frudan ilgili kavramd\u0131r. Dijital kamu hizmetleri, halk ve idareler aras\u0131ndaki etkile\u015fimi daha h\u0131zl\u0131, daha az pahal\u0131, verimli, izlenebilir ve rahat yap\u0131labilir hale getirerek, kurumlar ve bireylerin\/halk(herkes) kar\u015f\u0131l\u0131kl\u0131 y\u00fck\u00fcn\u00fc azaltmaktad\u0131r. Ayr\u0131ca, dijital teknolojilerin kullan\u0131lmas\u0131 yoluyla, devletin modernle\u015fmesi stratejilerini b\u00fct\u00fcnle\u015ftirerek, topluma ekonomik ve sosyal fayda yaratmas\u0131 hedeflenmektedir. Felsefesi gere\u011fi, kurumlar aras\u0131 i\u015fbirli\u011fini de sa\u011flamaktad\u0131r.<\/p>\n\n\n\n<figure class=\"wp-block-image size-full\"><img loading=\"lazy\" decoding=\"async\" width=\"1600\" height=\"1066\" src=\"https:\/\/2013dagyonetisimi.com\/wp-content\/uploads\/2024\/03\/a6ac804b-498d-4f5c-bc68-6d59069e7ddd.jpeg\" alt=\"\" class=\"wp-image-324\"\/><\/figure>\n\n\n\n<p>Toplumun \u00e7e\u015fitli risklerden uzakla\u015fabilmesi i\u00e7in: k\u00fclt\u00fcrleraras\u0131 farkl\u0131l\u0131klardan istifade edebilme, tehditleri dayan\u0131\u015fma ve i\u015fbirli\u011fi projeleriyle kazanca \u00e7evirme, ilgi gruplar\u0131ndan destek alabilme, bilgilendirilmi\u015f toplumun, gen\u00e7, ya\u015fl\u0131, kad\u0131n, erkek gibi \u00e7e\u015fitli gruplar\u0131ndan gelen bilgi ve \u00e7abalar\u0131 de\u011ferlendirme, etik ikna, ge\u00e7mi\u015fin ve bug\u00fcn\u00fcn bilgi ve tecr\u00fcbelerini, hedeflere ula\u015ft\u0131rmada temel y\u00f6netsel ara\u00e7lar\u0131n etkin kullan\u0131m\u0131 gerekmektedir. T\u00fcrkiye a\u00e7\u0131s\u0131ndan da, devletin ve vatanda\u015f ile bir b\u00fct\u00fcn olarak halk\u0131n, hak ve sorumluluklar\u0131 y\u00f6n\u00fcyle s\u00fcrd\u00fcr\u00fclen \u00e7al\u0131\u015fmalar\u0131n temel ilkelerinin netle\u015ftirilmesi ve protokoller olu\u015fturularak merkezi eri\u015fime a\u00e7\u0131lmas\u0131, kamuoyunca bilinirli\u011finin sa\u011flanmas\u0131 \u00f6nem ta\u015f\u0131maktad\u0131r. \u0130nsan haklar\u0131 ve demokratik k\u00fclt\u00fcr\u00fcn\u00fc geli\u015ftirecek e- siber \u00e7al\u0131\u015fmalar\u0131 da kapsayan yayg\u0131n e\u011fitim \u00e7al\u0131\u015fmalar\u0131na, gerek be\u015feri gerekse kurumsal kapasite a\u00e7\u0131s\u0131ndan e\u011fitimin her basama\u011f\u0131nda \u00f6nem vermek gerekmektedir.<\/p>\n\n\n\n<figure class=\"wp-block-image size-full\"><img loading=\"lazy\" decoding=\"async\" width=\"1600\" height=\"1066\" src=\"https:\/\/2013dagyonetisimi.com\/wp-content\/uploads\/2024\/03\/e1666fc0-56b2-41f1-86ef-ebda85b38aa3.jpeg\" alt=\"\" class=\"wp-image-325\"\/><\/figure>\n\n\n\n<p>E-hizmetler yoluyla, y\u00f6netimde do\u011frulanm\u0131\u015f bilgi ak\u0131\u015f\u0131na dayal\u0131 verimlili\u011fi sa\u011flamak amac\u0131yla \u00e7e\u015fitli adlar alt\u0131nda, devletten vatanda\u015fa internet eri\u015fimleri sa\u011flama uygulamalar\u0131n\u0131 h\u0131zland\u0131r\u0131ld\u0131\u011f\u0131 kadar kolayla\u015ft\u0131r\u0131c\u0131 uygulamalar da \u00f6nemlidir.<\/p>\n\n\n\n<figure class=\"wp-block-image size-full\"><img loading=\"lazy\" decoding=\"async\" width=\"1600\" height=\"1066\" src=\"https:\/\/2013dagyonetisimi.com\/wp-content\/uploads\/2024\/03\/bf5a2161-a194-4447-a5dd-055059854b33.jpeg\" alt=\"\" class=\"wp-image-326\"\/><\/figure>\n\n\n\n<p>E-Devletin, vatanda\u015fa, i\u015fletmelere ya da i\u015f d\u00fcnyas\u0131na, yabanc\u0131lara ve toplamda k\u0131saca <strong><em>halka<\/em><\/strong> getirebilece\u011fi \u00f6nemli faydalar\u0131 sa\u011flamak amac\u0131yla ne tip giri\u015fimler planlanacak ve y\u00f6netilecektir sorular\u0131 \u00e7al\u0131\u015fmalar\u0131n temelini olu\u015fturmaktad\u0131r. E-devlet \u00e7al\u0131\u015fmalar sayesinde, Devletin y\u00f6netim tarihi geli\u015fme s\u00fcrecindeki demokratikle\u015fme \u00e7abalar\u0131n\u0131n sonucu olarak, vatanda\u015f; kendisinden sadece bilgi al\u0131nan ancak bilgi verilmeyen bir konumdan \u00e7\u0131kmakta ve bilgiyi vatanda\u015fla payla\u015fan bir y\u00f6netim yap\u0131lanmas\u0131 geli\u015ftirilmektedir. <\/p>\n\n\n\n<figure class=\"wp-block-image size-full\"><img loading=\"lazy\" decoding=\"async\" width=\"1600\" height=\"1066\" src=\"https:\/\/2013dagyonetisimi.com\/wp-content\/uploads\/2024\/03\/7ed8c2e6-bf84-424f-ab64-f21aac04e6c6.jpeg\" alt=\"\" class=\"wp-image-329\"\/><\/figure>\n\n\n\n<p>Kamu hizmetlerini s\u00fcrekli olarak iyile\u015ftirmek i\u00e7in e-devleti kullanan \u201cidarenin\u201d, \u00f6ncelikle vatanda\u015flar olmak \u00fczere halk, kurum ve kurulu\u015flar ile olan ili\u015fkilerinde, \u015feffaf olmas\u0131 ve i\u015fbirli\u011fi yapmas\u0131 istenmektedir. Vatanda\u015fa y\u00f6nelik beyanlarda, vatanda\u015f\u0131n \u00f6ncelendi\u011fi, \u00f6nemsendi\u011fi vurgu \u00f6nem ta\u015f\u0131maktad\u0131r.<\/p>\n\n\n\n<figure class=\"wp-block-image size-full\"><img loading=\"lazy\" decoding=\"async\" width=\"1600\" height=\"1066\" src=\"https:\/\/2013dagyonetisimi.com\/wp-content\/uploads\/2024\/03\/f207b637-6046-42b3-8b24-bda52a902463.jpeg\" alt=\"\" class=\"wp-image-327\"\/><\/figure>\n\n\n\n<p>Siber altyap\u0131n\u0131n s\u00fcrekli g\u00f6zden ge\u00e7irilerek i\u015flevselli\u011finin art\u0131r\u0131lmas\u0131; \u00f6zel ama\u00e7l\u0131 te\u015fkilatlanma yan\u0131nda, Cumhurba\u015fkan\u0131 taraf\u0131ndan dijital su\u00e7lar, T\u00fcrkiye Cumhuriyeti vatanda\u015flar\u0131na hitaben siber sald\u0131r\u0131lar\u0131 \u00f6nleyici \u00e7al\u0131\u015fmalarda bulunan e- g\u00fcvenlik taahh\u00fcd\u00fc olarak \u201cSiber G\u00fcvence Beyan\u0131n\u0131n\u201d olu\u015fturulmas\u0131; T\u00fcrkiye Cumhuriyeti Cumhurba\u015fkan\u0131n\u0131n siber sald\u0131r\u0131lara y\u00f6nelik \u00e7ok y\u00f6nl\u00fc sorumlulu\u011funu ve eylem planlar\u0131n\u0131 ortaya koyan bir ulusal bildirge yay\u0131nlanmas\u0131 yerinde olacakt\u0131r. Eylem planlar\u0131nda h\u00fck\u00fcmetin, \u015firketlerin ve bireylerin birlikteli\u011fi, sorumlulu\u011funun belirlenmesi \u00f6nemlidir. T\u00fcrkiye\u2019nin Ulusal Siber G\u00fcvenlik Stratejisi Eylem Plan\u0131n\u0131n incelenmesinden b\u00f6yle bir beyana yer verilmedi\u011fi, strateji belgesinin y\u00f6ntemselli\u011fi \u00f6ne \u00e7\u0131kard\u0131\u011f\u0131 ancak do\u011frulama g\u00f6stergelerinin vurgular\u0131n\u0131n yetersiz ve kapal\u0131 bir anlat\u0131ma sahip oldu\u011fu g\u00f6r\u00fclmektedir. G\u00fcncellemelerde daha halk\u0131 \u00f6nceleyen, hayat\u0131n t\u00fcm y\u00f6nlerinde e-ortamlarda koruma ve destek g\u00fcvencesine net bir anlat\u0131ma vurgu yap\u0131lmas\u0131 tavsiye edilmektedir.<\/p>\n","protected":false},"excerpt":{"rendered":"<p>Prof.Dr.Zerrin Toprak Karaman E-Devlet, kamu y\u00f6netimi te\u015fkilatlanmas\u0131n\u0131n y\u00fcr\u00fctt\u00fc\u011f\u00fc planlamadan kontrole y\u00f6netim s\u00fcrecinde, kamu hizmetlerinin verimlili\u011fini art\u0131rmada ba\u015fvurulan dijital bir y\u00f6ntemle do\u011frudan ilgili kavramd\u0131r. Dijital kamu hizmetleri, halk ve idareler aras\u0131ndaki etkile\u015fimi daha h\u0131zl\u0131, daha az pahal\u0131, verimli, izlenebilir ve rahat yap\u0131labilir hale getirerek, kurumlar ve bireylerin\/halk(herkes) kar\u015f\u0131l\u0131kl\u0131 y\u00fck\u00fcn\u00fc azaltmaktad\u0131r. Ayr\u0131ca, dijital teknolojilerin kullan\u0131lmas\u0131 yoluyla, devletin [&hellip;]<\/p>\n","protected":false},"author":1,"featured_media":0,"comment_status":"open","ping_status":"open","sticky":false,"template":"","format":"standard","meta":{"footnotes":""},"categories":[1],"tags":[],"class_list":["post-319","post","type-post","status-publish","format-standard","hentry","category-uncategorized"],"_links":{"self":[{"href":"https:\/\/2013dagyonetisimi.com\/index.php\/wp-json\/wp\/v2\/posts\/319","targetHints":{"allow":["GET"]}}],"collection":[{"href":"https:\/\/2013dagyonetisimi.com\/index.php\/wp-json\/wp\/v2\/posts"}],"about":[{"href":"https:\/\/2013dagyonetisimi.com\/index.php\/wp-json\/wp\/v2\/types\/post"}],"author":[{"embeddable":true,"href":"https:\/\/2013dagyonetisimi.com\/index.php\/wp-json\/wp\/v2\/users\/1"}],"replies":[{"embeddable":true,"href":"https:\/\/2013dagyonetisimi.com\/index.php\/wp-json\/wp\/v2\/comments?post=319"}],"version-history":[{"count":2,"href":"https:\/\/2013dagyonetisimi.com\/index.php\/wp-json\/wp\/v2\/posts\/319\/revisions"}],"predecessor-version":[{"id":330,"href":"https:\/\/2013dagyonetisimi.com\/index.php\/wp-json\/wp\/v2\/posts\/319\/revisions\/330"}],"wp:attachment":[{"href":"https:\/\/2013dagyonetisimi.com\/index.php\/wp-json\/wp\/v2\/media?parent=319"}],"wp:term":[{"taxonomy":"category","embeddable":true,"href":"https:\/\/2013dagyonetisimi.com\/index.php\/wp-json\/wp\/v2\/categories?post=319"},{"taxonomy":"post_tag","embeddable":true,"href":"https:\/\/2013dagyonetisimi.com\/index.php\/wp-json\/wp\/v2\/tags?post=319"}],"curies":[{"name":"wp","href":"https:\/\/api.w.org\/{rel}","templated":true}]}}