{"id":363,"date":"2024-04-26T14:24:07","date_gmt":"2024-04-26T14:24:07","guid":{"rendered":"http:\/\/2013dagyonetisimi.com\/?p=363"},"modified":"2024-04-28T12:54:22","modified_gmt":"2024-04-28T12:54:22","slug":"turizm-haftasi-2024-etkinliklerinde-uyelerimizin-konusmalari","status":"publish","type":"post","link":"https:\/\/2013dagyonetisimi.com\/index.php\/2024\/04\/26\/turizm-haftasi-2024-etkinliklerinde-uyelerimizin-konusmalari\/","title":{"rendered":"Turizm Haftas\u0131 2024 Etkinliklerinde Kat\u0131l\u0131mc\u0131lar\u0131m\u0131z\u0131n Konu\u015fmalar\u0131"},"content":{"rendered":"\n<h2 class=\"wp-block-heading\">Ye\u015fim Koba: &#8220;\u0130klim ve Turizm \u0130li\u015fkisi&#8221;<\/h2>\n\n\n\n<p>D\u00fcnya genelinde ya\u015fanan ekonomik ve teknolojik geli\u015fmeler, bireylerin gelir seviyelerinin ve bo\u015f zamanlar\u0131n\u0131n artmas\u0131na ve bununla birlikte seyahat eden turist say\u0131s\u0131nda da art\u0131\u015fa neden olmu\u015ftur. Bu s\u00fcre\u00e7 i\u00e7erisinde destinasyonlar h\u0131zla geli\u015firken ziyaret\u00e7ilerin deneyim kalitesi iyile\u015ftirilebilmek i\u00e7in turizmde s\u00fcrd\u00fcr\u00fclebilirli\u011fin sa\u011flanmas\u0131 gerekmektedir. Destinasyonun rekabet g\u00fcc\u00fcnde \u00f6nemli olan fakt\u00f6rlerin ba\u015f\u0131nda s\u00fcrd\u00fcr\u00fclebilirli\u011fin sa\u011flanmas\u0131 gelmektedir. Turizm \u00e7e\u015fitlerinin bir\u00e7o\u011funun do\u011fa temelli olmas\u0131 ve turizmin iklim ve hava \u015fartlar\u0131 ile yak\u0131ndan ili\u015fkili olmas\u0131 nedeniyle \u00e7evresel sorunlardan olumsuz etkilenmektedir. 21. y\u00fczy\u0131lda turizm end\u00fcstrisinde kar\u015f\u0131la\u015f\u0131lan en \u00f6nemli sorunlardan biri k\u00fcresel \u0131s\u0131nma, iklim de\u011fi\u015fikli\u011fi ve turizm \u00fczerindeki olumsuz etkileridir.<\/p>\n\n\n\n<p>\u0130klim de\u011fi\u015fikli\u011finin en \u00f6nemli etkisi s\u0131cakl\u0131k art\u0131\u015f\u0131, kurakl\u0131k, a\u015f\u0131r\u0131 hava olaylar\u0131, buzullar\u0131n erimesi, deniz seviyesinin y\u00fckselmesi, mercan ve resiflerin azalmas\u0131, biyolojik \u00e7e\u015fitlili\u011fin azalmas\u0131, genetik \u00e7e\u015fitlili\u011fin azalmas\u0131 gibi bir\u00e7ok \u00e7evresel sorunlara yol a\u00e7acakt\u0131r. Denizlerde su seviyesinin y\u0131lda birka\u00e7 mm y\u00fckselmesi, y\u00fckselen suyun y\u00fcz kat\u0131 uzunlu\u011funda sahil erozyonuna u\u011frayarak yok olmas\u0131na neden olacakt\u0131r. Gr\u00f6nland buzullar\u0131n erimesi deniz seviyesinin yakla\u015f\u0131k yedi metre y\u00fckselmesi ve k\u0131y\u0131 ve sahil \u015feritlerinin sular alt\u0131nda kalmas\u0131 anlam\u0131na gelmektedir. K\u00fcresel \u0131s\u0131nma ve iklim de\u011fi\u015fikli\u011fi etkisi sel, kas\u0131rga, tayfun, kurakl\u0131k ve yo\u011fun ya\u011f\u0131\u015f olaylar\u0131n\u0131n artmas\u0131 beklenmektedir. S\u0131cakl\u0131k art\u0131\u015f\u0131 ile birlikte t\u00fcm d\u00fcnyada son y\u0131llarda orman yang\u0131nlar\u0131n\u0131n g\u00f6r\u00fclme s\u0131kl\u0131\u011f\u0131nda ge\u00e7mi\u015fe oranla art\u0131\u015f ya\u015fanm\u0131\u015ft\u0131r.<\/p>\n\n\n\n<p>Sera gazlar\u0131 ve k\u00fcresel \u0131s\u0131nmayla m\u00fccadele i\u00e7in 1988 y\u0131l\u0131nda H\u00fck\u00fcmetler aras\u0131 \u0130klim De\u011fi\u015fikli\u011fi Paneli kurulmu\u015f,<\/p>\n\n\n\n<p>1992 y\u0131l\u0131nda BM \u0130klim De\u011fi\u015fikli\u011fi \u00c7er\u00e7eve S\u00f6zle\u015fmesi ve<\/p>\n\n\n\n<p>1997 y\u0131l\u0131nda Kyoto Protokol\u00fc\u2019n\u00fc ve Rio Zirvesi uluslararas\u0131 antla\u015fmalar kabul edilerek uluslararas\u0131 alanda \u00f6nlemler al\u0131nmaya \u00e7al\u0131\u015f\u0131lm\u0131\u015ft\u0131r.<\/p>\n\n\n\n<p>12 Kas\u0131m 2015 Paris \u0130klim Anla\u015fmas\u0131 ile sanayi \u00f6ncesi d\u00f6neme g\u00f6re s\u0131cakl\u0131k art\u0131\u015flar\u0131n\u0131n 1.5\u00b0C\u2019nin alt\u0131nda tutulmas\u0131na ili\u015fkin k\u00fcresel \u00e7abalar\u0131n devam etmesinin alt\u0131 \u00e7izilmi\u015ftir.<\/p>\n\n\n\n<p>2019 y\u0131l\u0131nda BM \u0130klim Zirvesi (\u0130klim Eylem Zirvesi) d\u00fcnyan\u0131n 2050 y\u0131l\u0131na kadar net s\u0131f\u0131r emisyon elde etmesi gerekti\u011fi y\u00f6n\u00fcndeki k\u00fcresel anlay\u0131\u015f vurgulanm\u0131\u015ft\u0131r.<\/p>\n\n\n\n<p>Fark\u0131ndal\u0131k d\u00fczeyinde olu\u015fan bir geli\u015fme d\u00fcnyan\u0131n gelece\u011fi a\u00e7\u0131s\u0131ndan \u00e7ok b\u00fcy\u00fck anlam ifade etmektedir. Bu fark\u0131ndal\u0131k sayesinde son y\u0131llarda \u00e7evre dostu t\u00fcketici, eko-t\u00fcketici, ye\u015fil t\u00fcketici, sorumlu t\u00fcketici gibi adlarla an\u0131lan bilin\u00e7li bir t\u00fcketici kitlesi olu\u015fmu\u015ftur. \u0130klim de\u011fi\u015fikli\u011fi fark\u0131ndal\u0131\u011f\u0131 olu\u015fan bireyler evlerinde g\u00fcn \u0131\u015f\u0131\u011f\u0131ndan daha fazla yararlanmakta, verimli Led ayd\u0131nlatma enerjisini kullanmakta, su ve enerji kaynaklar\u0131n\u0131 israf etmeden kullanmakta, &nbsp;emisyonsuz arabalar kullanmakta, toplu ta\u015f\u0131may\u0131 daha s\u0131k kullanmakta, \u00e7evre dostu teknolojileri tercih etmekte, ozonla dost spreyler ve deodorantlar kullanmakta, k\u00e2\u011f\u0131t kullan\u0131m\u0131n\u0131 azaltmakta, sat\u0131n ald\u0131klar\u0131 \u00fcr\u00fcnlerin ambalajlar\u0131n\u0131n geri d\u00f6n\u00fc\u015f\u00fcml\u00fc olmas\u0131na \u00f6zen g\u00f6stermekte, organik \u00fcr\u00fcnler sat\u0131n almakta ve \u00e7evre dostu i\u015fletmeleri tercih etmektedirler. Bireylerin g\u00fcnl\u00fck hayat\u0131nda ve t\u00fcketiminde yapaca\u011f\u0131 k\u00fc\u00e7\u00fck de\u011fi\u015fiklikler iklim de\u011fi\u015fikli\u011fi konusunda i\u015fletmelerin de \u00f6nlemler almas\u0131na ve sera gaz\u0131 sal\u0131n\u0131m\u0131n\u0131n ciddi oranda azalmas\u0131n\u0131 sa\u011flayacakt\u0131r.<\/p>\n\n\n\n<p><strong>Dijitalle\u015fme ve S\u00fcrd\u00fcr\u00fclebilir Turizm<\/strong><\/p>\n\n\n\n<p>D\u00fcnyada s\u00fcrd\u00fcr\u00fclebilir ak\u0131ll\u0131 destinasyonlar se\u00e7iliyor. Ak\u0131ll\u0131 altyap\u0131lar kurulmas\u0131 gerekiyor, at\u0131k enerji ve su y\u00f6netimi projelerinin \u00f6ncelikli olarak belediyeler taraf\u0131ndan ger\u00e7ekle\u015ftirilmesi, ulusal de\u011ferlerimizi de bu s\u00fcre\u00e7lere dahil etmemiz gerekiyor. Uzman kurullar\u0131n ye\u015fil Algoritma geli\u015ftirmesi gerekiyor. Ba\u011f\u0131ms\u0131z ve t\u00fcm akt\u00f6rlerin oldu\u011fu gruplar\u0131n bu alanda \u00e7al\u0131\u015fmas\u0131 gerekiyor.<\/p>\n\n\n\n<p>Enerji, su t\u00fcketimi ve \u00e7evreye daha az zararl\u0131 zarar veren uygulamalar gibi t\u00fcm bu s\u00fcre\u00e7lerde teknolojiden, yapay zekadan yararlan\u0131labilir. K\u00fclt\u00fcrel miras\u0131n tan\u0131t\u0131m\u0131nda yararlanabiliriz. Depremde k\u00fclt\u00fcrel miras\u0131n dijitalle\u015ftirilmesinin \u00f6nemi \u00e7ok iyi anla\u015f\u0131ld\u0131. E\u011fitimciler dijitalle\u015fme konusunda uygulamaya daha hakim olmal\u0131.<\/p>\n\n\n\n<p><strong>F\u0131rsatlar ve \u00d6neriler:<\/strong><\/p>\n\n\n\n<p>Destinasyon bazl\u0131 y\u00f6netim ile g\u00fcvenlik, altyap\u0131, su, enerji gibi konularda havza baz\u0131nda planlama yap\u0131lmal\u0131. &nbsp;Yerel k\u00fclt\u00fcr \u00f6nemli konular aras\u0131nda, havza baz\u0131nda planlamaya t\u00fcm sekt\u00f6rler, yerel y\u00f6netimler de kat\u0131lmal\u0131.<\/p>\n\n\n\n<p>Yenilenebilir enerji yat\u0131r\u0131mlar\u0131 yap\u0131lmal\u0131, karbon emisyonu azalt\u0131lmal\u0131. S\u00fcrd\u00fcr\u00fclebilirlik; i\u015fletmelerin stratejisi olmal\u0131.<\/p>\n\n\n\n<p>Destinasyon y\u00f6netiminde enerji, su, s\u00fcrd\u00fcr\u00fclebilirlik ilkeleri benimsenmeli ve desteklenmeli.<\/p>\n\n\n\n<p>Dernekler \u00fczerinden iyi projeler yap\u0131lmal\u0131, bu \u015fekilde fon destekleri sa\u011flanabilir. Karbon ayak izinin azalt\u0131lmas\u0131, ye\u015fil uygulamalar ve benzeri projeler \u00fcretebilir.<\/p>\n\n\n\n<p>Bireysel \u00f6l\u00e7ekte karbon ayak izi en \u00e7ok ula\u015f\u0131mda var gelecekte ula\u015f\u0131m \u015fekli de\u011fi\u015febilir. Bireysel farkl\u0131l\u0131k olu\u015fturarak \u00f6nlemler al\u0131nmal\u0131.<\/p>\n\n\n\n<h2 class=\"wp-block-heading\">Kaan Erge<\/h2>\n\n\n\n<p>Konumuz madem turizm, turizmin kelime olarak k\u00f6keni yani etimolojisine bir g\u00f6z atal\u0131m.<\/p>\n\n\n\n<p>Bildi\u011finiz gibi turizm bir\u00e7ok dilde benzer yaz\u0131l\u0131\u015f ve okunu\u015f \u015fekline sahip,<\/p>\n\n\n\n<p>Biz Turizm diyoruz, \u0130ngilizler Tourism, Almanlar Tourismus, Frans\u0131zlar Tourisme ve \u0130talyanlar Tourismo diyor. Dikkat ederseniz hep bir tur kelimesi var. \u0130\u015fte turizm kelimesi de Latincede d\u00f6nmek, \u00e7evreyi dola\u015fmak, geri d\u00f6nmek anlam\u0131na gelen &#8220;tornus&#8221; k\u00f6k\u00fcnden t\u00fcretilmi\u015ftir.<\/p>\n\n\n\n<p>Tur kelimesi bir hareketi, dola\u015fmay\u0131 ve ba\u015flan\u00adg\u0131\u00e7 yerine geri d\u00f6n\u00fc\u015f\u00fc dile getirmektedir.<\/p>\n\n\n\n<p>T\u00fcrk\u00e7edeki \u201ctornistan\u201d ve \u201ctorna\u201d s\u00f6zc\u00fckleri de ayn\u0131 k\u00f6ke dayanmaktad\u0131r.<\/p>\n\n\n\n<p>Bir di\u011fer kan\u0131ya g\u00f6re ise, turizm kelimesindeki \u201ctour\u201d s\u00f6zc\u00fc\u011f\u00fc, \u0130branicede \u201c\u00f6\u011frenme, ara\u015ft\u0131rma\u201d anlam\u0131na gelen \u201ctorah\u201d s\u00f6zc\u00fc\u011f\u00fcnden t\u00fcretilmi\u015ftir.<\/p>\n\n\n\n<p>Ayn\u0131 inan\u0131\u015fa g\u00f6re, \u0130braniler ya\u015fan\u0131lan yerlerin d\u0131\u015f\u0131ndaki uzak yerleri g\u00f6rmek, oralarda oturan insanlar\u0131n ekonomik ve sosyal durumlar\u0131n\u0131 incelemek \u00fczere g\u00f6nderilen ki\u015filere \u201ctourist (turist)\u201d ve bunlar\u0131n eylemlerine de \u201ctouring (turlamak)\u201d demekteydiler.<\/p>\n\n\n\n<p>B\u00f6yle bir durumun do\u011frulu\u011funu kabul edersek Nuh peygamberi gemisine ald\u0131\u011f\u0131 ve ezici \u00e7o\u011funlu\u011fu hayvan olan yolcular\u0131 ile d\u00fcnyan\u0131n ilk tur operat\u00f6r\u00fc olarak niteleyebiliriz.<\/p>\n\n\n\n<p>Terminolojik olarak turist kelimesi literat\u00fcre ilk olarak 1772\u2019de, turizm kelimesi de 1811 y\u0131l\u0131nda girmi\u015ftir.<\/p>\n\n\n\n<p>\u00dclkemizde ger\u00e7ek anlamda turizm hareketi 1980\u2019li y\u0131llar\u0131n ortalar\u0131nda D\u00f6nemin Ba\u015fbakan\u0131 Turgut \u00d6zal ile ba\u015flar ve \u00f6zellikle Antalya k\u0131y\u0131 \u015feridindeki hazine arazileri yat\u0131r\u0131mc\u0131lara a\u00e7\u0131l\u0131nca b\u00f6lgede \u00e7ok say\u0131da y\u00fczlerce hatta binlerce ziyaret\u00e7iye hizmet sunan \u00e7ok say\u0131da konaklama tesisi yap\u0131l\u0131r ve uygulanan her \u015fey dahil sistemi ve Avrupa i\u00e7in yeni ve ke\u015ffedilmemi\u015f bir turizm destinasyonu olarak \u00fclkemiz \u00f6zellikle Antalya Avrupa\u2019n\u0131n parlayan y\u0131ld\u0131z\u0131 olur.<\/p>\n\n\n\n<p>O y\u0131llardan ba\u015flayarak \u00fclkemiz \u00f6zellikle \u0130ngiltere, Orta Avrupa ve Kuzey Avrupa \u00fclkeleri i\u00e7in GDK (G\u00fcne\u015f-Deniz-Kum) turizmi i\u00e7in tercih edilen bir \u00fclke olur ve sonucunda da \u00fclkemiz \u201cMass Tourism\u201d denilen \u201cKitle Turizmi\u201d ile tan\u0131\u015f\u0131r.<\/p>\n\n\n\n<p>Bahsetti\u011fim y\u0131llarda, Amerika, Fransa, \u0130spanya, \u0130talya ve Japonya\u2019dan \u00fclkemize \u0130stanbul \u00e7\u0131k\u0131\u015fl\u0131 olmak \u00fczere, Truva, Bergama, Efes, Ku\u015fadas\u0131, Milet, Priene, Didim, Denizli, Pamukkale, Kapadokya B\u00f6lgesi olmak \u00fczere \u0130\u00e7 Anadolu, Do\u011fu Anadolu ve G\u00fcney Do\u011fu Anadolu\u2019yu da kapsayan en az on be\u015f g\u00fcnl\u00fck k\u00fclt\u00fcr turlar\u0131 yap\u0131l\u0131yordu. Bu turlar hem acenteler hem de rehberler taraf\u0131ndan tercih ediliyordu.<\/p>\n\n\n\n<p>Elbette \u00fclkemizin turizm arenas\u0131nda yer almas\u0131 kolay olmad\u0131. 1978 y\u0131l\u0131nda \u00e7ekilen ve \u0130stanbul\u2019da uyu\u015fturucu ka\u00e7ak\u00e7\u0131l\u0131\u011f\u0131 su\u00e7uyla hapis cezas\u0131na \u00e7arpt\u0131r\u0131lan William \u201cBilly\u201d Hayes\u2019in hapishanede ya\u015fad\u0131klar\u0131ndan uyarlanan \u201cGece Yar\u0131s\u0131 Expresi\u201d \u201cMidnight Express\u201d 80\u2019li y\u0131llarda \u00fclkemizin \u00f6n\u00fcndeki en k\u00f6t\u00fc kara propagandayd\u0131.<\/p>\n\n\n\n<p>1984\u2019de ba\u015flayan PKK\u2019n\u0131n silahl\u0131 ve bombal\u0131 ter\u00f6r eylemleri, insan haklar\u0131 ihlali konusunun siyasal zeminde s\u00fcrekli \u00f6n\u00fcm\u00fcze s\u00fcr\u00fclmesi, 1980-1988 y\u0131llar\u0131 aras\u0131ndaki Irak ve \u0130ran Sava\u015f\u0131, Irak\u2019\u0131n Kuveyt\u2019i i\u015fgal etmesi sonucunda 1990-1991 y\u0131l\u0131ndaki 1. K\u00f6rfez Sava\u015f\u0131, 1999 y\u0131l\u0131ndaki K\u00f6rfez Depremi, 2003 y\u0131l\u0131nda kitle imha silahlar\u0131na sahip oldu\u011fu gerek\u00e7esiyle koalisyon g\u00fc\u00e7lerinin Irak\u2019\u0131 i\u015fgali kitle turizmimizi sekteye u\u011fratan geli\u015fmelerdi.<\/p>\n\n\n\n<p>Tek bir turizm \u00e7e\u015fidine yani GDK turizmine ba\u011fl\u0131 kalmak riskliydi ve mevcut konaklama tesislerini sadece yaz d\u00f6neminde de\u011fil, sonbahar, k\u0131\u015f ve ilkbahar d\u00f6nemlerinde de de\u011ferlendirmek gerekliydi.<\/p>\n\n\n\n<p>B\u00f6ylece GDK Turizmi dedi\u011fimiz Kitle Turizminin d\u0131\u015f\u0131nda turizmin \u00e7e\u015fitlendirilmesi olgusu ortaya \u00e7\u0131km\u0131\u015f ve bu turizm \u00e7e\u015fidine de \u201cAlternatif Turizm\u201d denmi\u015ftir.<\/p>\n\n\n\n<p>Alternatif Turizmi \u201c\u0130\u00e7erdi\u011fi \u00e7e\u015fitli turizm aktiviteleri sayesinde farkl\u0131 b\u00f6lgeleri turizm faaliyetleri i\u00e7ine alarak, belli b\u00f6lgeler \u00fczerinde yo\u011funla\u015fmay\u0131 azaltan ve turizmi 12 aya yayan; \u00e7evre, yerel halk ve turistler ile olan ili\u015fkileri kuvvetlendiren, s\u00fcrd\u00fcr\u00fclebilir bir turizm \u00e7e\u015fidi\u201d diye tan\u0131mlayabiliriz.<\/p>\n\n\n\n<p>Kitle Turizmi hard\/sert olmas\u0131na ra\u011fmen Alternatif Turizm soft\/yumu\u015fakt\u0131r.<\/p>\n\n\n\n<p>Kitle Turizmi kullan\u0131c\u0131 ve dahi t\u00fcketicidir. \u00c7evrenin kirlenmesiyle do\u011fal dengenin bozulmas\u0131na neden olur. Belli b\u00f6lgelerde \u00f6zellikle de k\u0131y\u0131 b\u00f6lgelerinde dengesiz ve sa\u011fl\u0131ks\u0131z yo\u011funla\u015fmaya neden olur. Bu da beraberinde ula\u015f\u0131m, trafik, su ve kanalizasyon gibi altyap\u0131 sorunlar\u0131n\u0131 da beraberinde getirir. Dengesiz bir g\u00f6\u00e7e neden olur. Kitle Turizmi Havaliman\u0131-Otel-Havaliman\u0131 aras\u0131nda s\u0131k\u0131\u015f\u0131p kal\u0131r.<\/p>\n\n\n\n<p>Alternatif Turizmin yararlar\u0131na gelince;<\/p>\n\n\n\n<p>Alternatif turizmi tercih edenler daha sosyal, e\u011fitimli, merakl\u0131, daha \u00e7ok para harcayan ve kal\u0131\u015f s\u00fcreleri daha fazla olan; do\u011fal, tarihi ve k\u00fclt\u00fcrel miras\u0131 koruyan ve sayg\u0131 g\u00f6steren, yerel halka daha ilgili ki\u015filerdir. Bu faaliyetlerine kat\u0131lanlar\u0131n toplumsal stat\u00fcleri, di\u011fer turistik etkinliklere kat\u0131lanlara g\u00f6re daha y\u00fcksektir.<\/p>\n\n\n\n<p>Alternatif turizm, zaman zaman olu\u015fan olumsuz sosyal ortamlardan ve global sermaye dalgalanmalar\u0131ndan, daha az etkilenir.<\/p>\n\n\n\n<p>Alternatif turizm, daha geni\u015f alanlara yay\u0131l\u0131r. B\u00f6ylece daha geni\u015f kitlelerin sosyal, ekonomik ve k\u00fclt\u00fcrel seviyelerini y\u00fckseltir.<\/p>\n\n\n\n<p>\u00dclkeleri b\u00fct\u00fcn y\u00f6nleriyle tan\u0131t\u0131r ve sevdirir, halklar\u0131n\u0131n yak\u0131nla\u015fmas\u0131n\u0131 sa\u011flar.<\/p>\n\n\n\n<p>Turizmi 12 aya yay\u0131lmas\u0131na olanak sa\u011flar<\/p>\n\n\n\n<p><strong>\u0130L\u0130M\u0130Z A\u00c7ISINDAN \u00d6NEM TA\u015eIYAN ALTERNAT\u0130F TUR\u0130ZM \u00c7E\u015e\u0130TLER\u0130<\/strong><\/p>\n\n\n\n<ul class=\"wp-block-list\">\n<li>K\u00fclt\u00fcr Turizmi<\/li>\n\n\n\n<li>\u0130nan\u00e7 Turizmi<\/li>\n\n\n\n<li>Diaspora Turizmi (zorunlu g\u00f6\u00e7: \u00e7e\u015fitli nedenlerle&nbsp;ya\u015fad\u0131klar\u0131 yerlerden g\u00f6\u00e7 etmi\u015f&nbsp;olmu\u015f insanlar\u0131n, anavatan kabul ettikleri topraklara y\u00f6nelik seyahatlerinden do\u011fan bir&nbsp;turizm&nbsp;t\u00fcr\u00fcd\u00fcr.<\/li>\n\n\n\n<li>Sa\u011fl\u0131k ve Termal Turizm<\/li>\n\n\n\n<li>Gastronomi Turizmi<\/li>\n\n\n\n<li>Ba\u011f Yolu, Zeytin Yolu, Efeler Yolu gibi Rotalar Turizmi<\/li>\n\n\n\n<li>Eko Turizm<\/li>\n\n\n\n<li>Kruvaziyer Turizmi<\/li>\n\n\n\n<li>Ku\u015f G\u00f6zlemcili\u011fi Turizmi<\/li>\n\n\n\n<li>Kongre Turizmi<\/li>\n<\/ul>\n\n\n\n<h2 class=\"wp-block-heading\">Prof. Dr. F\u00fcsun BAYKAL: &#8220;\u0130KL\u0130M DE\u011e\u0130\u015e\u0130KL\u0130\u011e\u0130 BA\u011eLAMINDA DA\u011eLIK B\u00d6LGELERDE TUR\u0130ZME G\u00dcNCEL B\u0130R BAKI\u015e&#8221;<\/h2>\n\n\n\n<p>18. y\u00fczy\u0131ldan itibaren da\u011flar\u0131n do\u011fal peyzajlar\u0131 ve sa\u011fl\u0131k verici havas\u0131 insanlar\u0131 da\u011flara \u00e7ekmi\u015f, rekreasyon, spor ve turizm faaliyetleri ba\u015flam\u0131\u015ft\u0131r. Da\u011flarda bug\u00fcn yaz ve k\u0131\u015f turizmi ay\u0131r\u0131m\u0131 yap\u0131ld\u0131\u011f\u0131 gibi do\u011fa turizmi, ekoturizm, k\u0131rsal turizm, agroturizm, \u00e7iftlik turizmi, kamp-karavan turizmi, spor turizmi, macera turizmi, e\u011fitim turizmi, inan\u00e7 turizmi, deneyimsel turizm vb. uygulanmaktad\u0131r. Da\u011flar, iklim sisteminde meydana gelen\/gelebilecek do\u011fal ve antropojenik de\u011fi\u015fmelere kar\u015f\u0131 etkilenme d\u00fczeyi en y\u00fcksek co\u011frafi mek\u00e2nlardan biridir. Bu kapsamda turizm; Artan s\u0131cakl\u0131klar ve de\u011fi\u015fen mevsimsel iklim ko\u015fullar\u0131, d\u00fc\u015f\u00fck rak\u0131mlardaki kar \u00f6rt\u00fcs\u00fc miktar\u0131 ve mek\u00e2nsal da\u011f\u0131l\u0131\u015flarda azalmalar, buzul k\u00fctlesinin kayb\u0131, artan permafrost erimesi ve buzul g\u00f6llerinin say\u0131s\u0131nda ve boyutunda art\u0131\u015flardan etkilenmeye ba\u015flam\u0131\u015ft\u0131r. K\u0131\u015f sporlar\u0131 turizmi, s\u0131cakl\u0131k art\u0131\u015f\u0131yla kal\u0131c\u0131 kar s\u0131n\u0131r\u0131n\u0131n daha y\u00fckseklere kaymas\u0131, kar ya\u011f\u0131\u015fl\u0131 ve karla kapl\u0131 g\u00fcn say\u0131s\u0131, kar\u0131n yerde kalma s\u00fcresi ve kar kal\u0131nl\u0131\u011f\u0131n\u0131n azalmas\u0131 nedeniyle kayak merkezlerinin kapanmas\u0131 riskini ta\u015f\u0131maktad\u0131r. \u0130klim de\u011fi\u015fikli\u011fine kar\u015f\u0131 geli\u015ftirilen azalt\u0131m, uyum ve diren\u00e7 stratejisi turizme uyarland\u0131\u011f\u0131nda \u015fu \u00f6rnekler verilebilir: Yava\u015f ula\u015f\u0131m, k\u0131\u015f turizminin gerilemesiyle bo\u015falan yerlere di\u011fer turizm t\u00fcrlerinin yerle\u015ftirilmesi, turistik arz\u0131 \u00e7e\u015fitlendirme, mevsimsellikten ar\u0131nd\u0131rma, yapay kar teknolojilerini kullanma, kayak merkezlerini daha y\u00fcksek yerlere ta\u015f\u0131ma ve y\u0131l boyu a\u00e7\u0131k tutma, turizm \u00fcr\u00fcnlerini y\u0131l boyunca \u00e7e\u015fitlendirme, turizm altyap\u0131s\u0131n\u0131 iklim risklerine kar\u015f\u0131 diren\u00e7li hale getirme vd. Sonu\u00e7 olarak da\u011flarda iklim de\u011fi\u015fikli\u011fi k\u0131\u015f sporlar\u0131 turizminin gerilemesine yol a\u00e7acak olsa da di\u011fer turizm t\u00fcrlerinin geli\u015fmesi i\u00e7in bir f\u0131rsat olarak de\u011ferlendirilmektedir.<\/p>\n\n\n\n<p>Prof. Dr. G\u00f6zde EMEKL\u0130: &#8220;K\u00dcRESEL \u0130KL\u0130M DE\u011e\u0130\u015e\u0130KL\u0130\u011e\u0130 BA\u011eLAMINDA TUR\u0130ZMDE YEN\u0130 CO\u011eRAFYALAR, KENTLER VE YEREL Y\u00d6NET\u0130MLER&#8221;<\/p>\n\n\n\n<p>K\u00fcresel iklim de\u011fi\u015fikli\u011fi ile turizm aras\u0131nda 18. y\u00fczy\u0131l\u0131n ikinci yar\u0131s\u0131ndan itibaren giderek artan bir etkile\u015fim s\u00f6z konusudur. \u0130klim de\u011fi\u015fikli\u011finin etkisiyle g\u00f6ller, akarsular, buzullar, da\u011flar, korunan alanlar ve k\u0131y\u0131lar k\u0131r\u0131lgan mekanlar\u0131 olu\u015fturmakta farkl\u0131 turizm modellerinin desteklemektedir. Bu geli\u015fmelerle birlikte k\u00fcreselle\u015fme ve teknolojik ilerlemeler bilginin eri\u015filebilirli\u011finin, bilgisayar ve internet kullan\u0131m\u0131n\u0131n artmas\u0131 ile yeni bir d\u00f6nem ba\u015flam\u0131\u015f, bug\u00fcnk\u00fc bilgi payla\u015f\u0131m sisteminin (payla\u015f\u0131m ekonomisi) geli\u015fmesini sa\u011flam\u0131\u015ft\u0131r (Erdal, 2013).<\/p>\n\n\n\n<p>G\u00fcnl\u00fck hayat\u0131n \u00f6nemli bir par\u00e7as\u0131 haline gelen internet teknolojilerinin ikili ili\u015fkilerden, al\u0131\u015f-veri\u015f al\u0131\u015fkanl\u0131klar\u0131na, bo\u015f zaman de\u011ferlendirme bi\u00e7imlerine, seyahat yapma al\u0131\u015fkanl\u0131klar\u0131na kadar geni\u015f bir yelpazede hayat\u0131n her alan\u0131nda etkilerini g\u00f6rmek m\u00fcmk\u00fcn olmu\u015ftur. Artan turizm-teknoloji ili\u015fkileri, de\u011fi\u015fen turizm-k\u00fclt\u00fcr-mekan-koruma yakla\u015f\u0131mlar\u0131, farkl\u0131la\u015fan turist profili turizmin evrilmesine, uygulamalar\u0131n de\u011fi\u015fmesine zemin haz\u0131rlam\u0131\u015ft\u0131r. Bu ba\u011flamda insanlar\u0131n dinlenme ve bo\u015f zaman de\u011ferlendirme ihtiya\u00e7lar\u0131n\u0131 kar\u015f\u0131layan deniz-g\u00fcne\u015f-kum turizmin birinci ku\u015fa\u011f\u0131n\u0131, k\u00fclt\u00fcrel ve tarihi alanlara y\u00f6nelik turlar\u0131 i\u00e7eren k\u00fclt\u00fcrel turizm ise turizmin ikinci ku\u015fa\u011f\u0131n\u0131 olu\u015fturmaktad\u0131r. \u00dc\u00e7\u00fcnc\u00fc ku\u015fak turizm ise turistlerin ilgisini \u00e7ekecek yarat\u0131c\u0131 unsurlar\u0131 tan\u0131tma ve geli\u015ftirmeye dayal\u0131 olan yarat\u0131c\u0131 turizm ortaya \u00e7\u0131kmaktad\u0131r (Chairatana, 2012: 2). Ziyaret\u00e7ilerin y\u00f6re ile birlikte ya\u015famas\u0131n\u0131 ve o y\u00f6redeki insanlar\u0131 bir yerel gibi g\u00f6rmesini sa\u011flayan e\u011fitimsel, sosyal, duygusal ve kat\u0131l\u0131mc\u0131 etkile\u015fimler sunan \u201cyarat\u0131c\u0131 turizm\u201d turizmde yeni co\u011frafyalar yaratmaktad\u0131r. Bu do\u011frultuda k\u00fcresel ekonomik merkezler haline gelen kentler; ekonomik b\u00fcy\u00fcmenin, yeniliklerin ve istihdam\u0131n itici g\u00fc\u00e7leri haline gelmekte, yarat\u0131c\u0131l\u0131k modelleri geli\u015ftirmekte, turizmde yeni mekanlar yaratmaktad\u0131r.<\/p>\n\n\n\n<p>Turistler bir kenti, i\u015f, akraba\/arkada\u015f ziyareti, al\u0131\u015fveri\u015f, e\u011flence, k\u00fclt\u00fcr\/sanat alanlar\u0131, festivaller, gece hayat\u0131, gastronomi, spor etkinlikleri gibi farkl\u0131 ama\u00e7larla ziyaret etmektedir. Bug\u00fcn kentleri tan\u0131mlayan temel \u00f6\u011fe, sunduklar\u0131 hizmet, organizasyon, ileti\u015fim, haberle\u015fme gibi olanaklard\u0131r. Bu ba\u011flamda yerel y\u00f6netimler \u00f6nemli roller \u00fcstlenmektedir. Yerel y\u00f6netimlerin, turizmi desteklemelerinin temel mant\u0131\u011f\u0131, turizm sayesinde yerel halk\u0131n istihdam d\u00fczeyinin artaca\u011f\u0131, gelir elde edilece\u011fi ve yerel y\u00f6netimlerin turizmden vergi geliri elde edece\u011fi varsay\u0131m\u0131na dayanmaktad\u0131r.<\/p>\n\n\n\n<p>Ziyaret\u00e7i say\u0131s\u0131n\u0131, kal\u0131\u015f s\u00fcrelerini, ziyaret\u00e7i harcamalar\u0131n\u0131 art\u0131rmak, y\u00f6netmek, yerel \u00e7ekicilikleri art\u0131rmak ve yenilemek, b\u00f6lgenin imaj\u0131n\u0131 turist destinasyonu olarak yaratmak ve geli\u015ftirmek, \u00f6zel sekt\u00f6r\u00fcn turizme ilgisini art\u0131rmak, kamu yat\u0131r\u0131mlar\u0131nda turizme \u00f6ncelik vermek, yarat\u0131c\u0131l\u0131k ve giri\u015fimcilik modelleri geli\u015ftirmek, yurti\u00e7i ve yurtd\u0131\u015f\u0131 tan\u0131t\u0131m\u0131 i\u00e7in ihtiya\u00e7 duyulan halkla ili\u015fkiler, reklam, dijital reklam ve sosyal medya kampanyalar\u0131 olu\u015fturmak, k\u00fclt\u00fcrel de\u011ferlerin tescil, tan\u0131tma ve markala\u015fma s\u00fcre\u00e7lerinin takibini yapmak, uluslararas\u0131 fuarlarda ve etkinliklerde ayr\u0131 bir destinasyon olarak temsil etmek, hedef kitlelere ve farkl\u0131 turizm \u00e7e\u015fitlerine y\u00f6nelik g\u00f6rsel-i\u015fitsel ve bas\u0131l\u0131 malzemeleri ve medya kitleri olu\u015fturmak ve sunmak gibi gerek\u00e7eler yerel y\u00f6netim-turizm ili\u015fkilerini g\u00fc\u00e7lendirmektedir.<\/p>\n\n\n\n<h2 class=\"wp-block-heading\">Prof. Dr. G\u00f6zde EMEKL\u0130: &#8220;K\u00dcRESEL \u0130KL\u0130M DE\u011e\u0130\u015e\u0130KL\u0130\u011e\u0130 BA\u011eLAMINDA TUR\u0130ZMDE YEN\u0130 CO\u011eRAFYALAR, KENTLER VE YEREL Y\u00d6NET\u0130MLER&#8221;<\/h2>\n\n\n\n<p>K\u00fcresel iklim de\u011fi\u015fikli\u011fi ile turizm aras\u0131nda 18. y\u00fczy\u0131l\u0131n ikinci yar\u0131s\u0131ndan itibaren giderek artan bir etkile\u015fim s\u00f6z konusudur. \u0130klim de\u011fi\u015fikli\u011finin etkisiyle g\u00f6ller, akarsular, buzullar, da\u011flar, korunan alanlar ve k\u0131y\u0131lar k\u0131r\u0131lgan mekanlar\u0131 olu\u015fturmakta farkl\u0131 turizm modellerinin desteklemektedir. Bu geli\u015fmelerle birlikte k\u00fcreselle\u015fme ve teknolojik ilerlemeler bilginin eri\u015filebilirli\u011finin, bilgisayar ve internet kullan\u0131m\u0131n\u0131n artmas\u0131 ile yeni bir d\u00f6nem ba\u015flam\u0131\u015f, bug\u00fcnk\u00fc bilgi payla\u015f\u0131m sisteminin (payla\u015f\u0131m ekonomisi) geli\u015fmesini sa\u011flam\u0131\u015ft\u0131r (Erdal, 2013).<\/p>\n\n\n\n<p>G\u00fcnl\u00fck hayat\u0131n \u00f6nemli bir par\u00e7as\u0131 haline gelen internet teknolojilerinin ikili ili\u015fkilerden, al\u0131\u015f-veri\u015f al\u0131\u015fkanl\u0131klar\u0131na, bo\u015f zaman de\u011ferlendirme bi\u00e7imlerine, seyahat yapma al\u0131\u015fkanl\u0131klar\u0131na kadar geni\u015f bir yelpazede hayat\u0131n her alan\u0131nda etkilerini g\u00f6rmek m\u00fcmk\u00fcn olmu\u015ftur. Artan turizm-teknoloji ili\u015fkileri, de\u011fi\u015fen turizm-k\u00fclt\u00fcr-mekan-koruma yakla\u015f\u0131mlar\u0131, farkl\u0131la\u015fan turist profili turizmin evrilmesine, uygulamalar\u0131n de\u011fi\u015fmesine zemin haz\u0131rlam\u0131\u015ft\u0131r. Bu ba\u011flamda insanlar\u0131n dinlenme ve bo\u015f zaman de\u011ferlendirme ihtiya\u00e7lar\u0131n\u0131 kar\u015f\u0131layan deniz-g\u00fcne\u015f-kum turizmin birinci ku\u015fa\u011f\u0131n\u0131, k\u00fclt\u00fcrel ve tarihi alanlara y\u00f6nelik turlar\u0131 i\u00e7eren k\u00fclt\u00fcrel turizm ise turizmin ikinci ku\u015fa\u011f\u0131n\u0131 olu\u015fturmaktad\u0131r. \u00dc\u00e7\u00fcnc\u00fc ku\u015fak turizm ise turistlerin ilgisini \u00e7ekecek yarat\u0131c\u0131 unsurlar\u0131 tan\u0131tma ve geli\u015ftirmeye dayal\u0131 olan yarat\u0131c\u0131 turizm ortaya \u00e7\u0131kmaktad\u0131r (Chairatana, 2012: 2). Ziyaret\u00e7ilerin y\u00f6re ile birlikte ya\u015famas\u0131n\u0131 ve o y\u00f6redeki insanlar\u0131 bir yerel gibi g\u00f6rmesini sa\u011flayan e\u011fitimsel, sosyal, duygusal ve kat\u0131l\u0131mc\u0131 etkile\u015fimler sunan \u201cyarat\u0131c\u0131 turizm\u201d turizmde yeni co\u011frafyalar yaratmaktad\u0131r. Bu do\u011frultuda k\u00fcresel ekonomik merkezler haline gelen kentler; ekonomik b\u00fcy\u00fcmenin, yeniliklerin ve istihdam\u0131n itici g\u00fc\u00e7leri haline gelmekte, yarat\u0131c\u0131l\u0131k modelleri geli\u015ftirmekte, turizmde yeni mekanlar yaratmaktad\u0131r.<\/p>\n\n\n\n<p>Turistler bir kenti, i\u015f, akraba\/arkada\u015f ziyareti, al\u0131\u015fveri\u015f, e\u011flence, k\u00fclt\u00fcr\/sanat alanlar\u0131, festivaller, gece hayat\u0131, gastronomi, spor etkinlikleri gibi farkl\u0131 ama\u00e7larla ziyaret etmektedir. Bug\u00fcn kentleri tan\u0131mlayan temel \u00f6\u011fe, sunduklar\u0131 hizmet, organizasyon, ileti\u015fim, haberle\u015fme gibi olanaklard\u0131r. Bu ba\u011flamda yerel y\u00f6netimler \u00f6nemli roller \u00fcstlenmektedir. Yerel y\u00f6netimlerin, turizmi desteklemelerinin temel mant\u0131\u011f\u0131, turizm sayesinde yerel halk\u0131n istihdam d\u00fczeyinin artaca\u011f\u0131, gelir elde edilece\u011fi ve yerel y\u00f6netimlerin turizmden vergi geliri elde edece\u011fi varsay\u0131m\u0131na dayanmaktad\u0131r.<\/p>\n\n\n\n<p>Ziyaret\u00e7i say\u0131s\u0131n\u0131, kal\u0131\u015f s\u00fcrelerini, ziyaret\u00e7i harcamalar\u0131n\u0131 art\u0131rmak, y\u00f6netmek, yerel \u00e7ekicilikleri art\u0131rmak ve yenilemek, b\u00f6lgenin imaj\u0131n\u0131 turist destinasyonu olarak yaratmak ve geli\u015ftirmek, \u00f6zel sekt\u00f6r\u00fcn turizme ilgisini art\u0131rmak, kamu yat\u0131r\u0131mlar\u0131nda turizme \u00f6ncelik vermek, yarat\u0131c\u0131l\u0131k ve giri\u015fimcilik modelleri geli\u015ftirmek, yurti\u00e7i ve yurtd\u0131\u015f\u0131 tan\u0131t\u0131m\u0131 i\u00e7in ihtiya\u00e7 duyulan halkla ili\u015fkiler, reklam, dijital reklam ve sosyal medya kampanyalar\u0131 olu\u015fturmak, k\u00fclt\u00fcrel de\u011ferlerin tescil, tan\u0131tma ve markala\u015fma s\u00fcre\u00e7lerinin takibini yapmak, uluslararas\u0131 fuarlarda ve etkinliklerde ayr\u0131 bir destinasyon olarak temsil etmek, hedef kitlelere ve farkl\u0131 turizm \u00e7e\u015fitlerine y\u00f6nelik g\u00f6rsel-i\u015fitsel ve bas\u0131l\u0131 malzemeleri ve medya kitleri olu\u015fturmak ve sunmak gibi gerek\u00e7eler yerel y\u00f6netim-turizm ili\u015fkilerini g\u00fc\u00e7lendirmektedir.<\/p>\n","protected":false},"excerpt":{"rendered":"<p>Ye\u015fim Koba: &#8220;\u0130klim ve Turizm \u0130li\u015fkisi&#8221; D\u00fcnya genelinde ya\u015fanan ekonomik ve teknolojik geli\u015fmeler, bireylerin gelir seviyelerinin ve bo\u015f zamanlar\u0131n\u0131n artmas\u0131na ve bununla birlikte seyahat eden turist say\u0131s\u0131nda da art\u0131\u015fa neden olmu\u015ftur. Bu s\u00fcre\u00e7 i\u00e7erisinde destinasyonlar h\u0131zla geli\u015firken ziyaret\u00e7ilerin deneyim kalitesi iyile\u015ftirilebilmek i\u00e7in turizmde s\u00fcrd\u00fcr\u00fclebilirli\u011fin sa\u011flanmas\u0131 gerekmektedir. Destinasyonun rekabet g\u00fcc\u00fcnde \u00f6nemli olan fakt\u00f6rlerin ba\u015f\u0131nda s\u00fcrd\u00fcr\u00fclebilirli\u011fin sa\u011flanmas\u0131 [&hellip;]<\/p>\n","protected":false},"author":2,"featured_media":0,"comment_status":"open","ping_status":"open","sticky":false,"template":"","format":"standard","meta":{"footnotes":""},"categories":[1],"tags":[],"class_list":["post-363","post","type-post","status-publish","format-standard","hentry","category-uncategorized"],"_links":{"self":[{"href":"https:\/\/2013dagyonetisimi.com\/index.php\/wp-json\/wp\/v2\/posts\/363","targetHints":{"allow":["GET"]}}],"collection":[{"href":"https:\/\/2013dagyonetisimi.com\/index.php\/wp-json\/wp\/v2\/posts"}],"about":[{"href":"https:\/\/2013dagyonetisimi.com\/index.php\/wp-json\/wp\/v2\/types\/post"}],"author":[{"embeddable":true,"href":"https:\/\/2013dagyonetisimi.com\/index.php\/wp-json\/wp\/v2\/users\/2"}],"replies":[{"embeddable":true,"href":"https:\/\/2013dagyonetisimi.com\/index.php\/wp-json\/wp\/v2\/comments?post=363"}],"version-history":[{"count":2,"href":"https:\/\/2013dagyonetisimi.com\/index.php\/wp-json\/wp\/v2\/posts\/363\/revisions"}],"predecessor-version":[{"id":368,"href":"https:\/\/2013dagyonetisimi.com\/index.php\/wp-json\/wp\/v2\/posts\/363\/revisions\/368"}],"wp:attachment":[{"href":"https:\/\/2013dagyonetisimi.com\/index.php\/wp-json\/wp\/v2\/media?parent=363"}],"wp:term":[{"taxonomy":"category","embeddable":true,"href":"https:\/\/2013dagyonetisimi.com\/index.php\/wp-json\/wp\/v2\/categories?post=363"},{"taxonomy":"post_tag","embeddable":true,"href":"https:\/\/2013dagyonetisimi.com\/index.php\/wp-json\/wp\/v2\/tags?post=363"}],"curies":[{"name":"wp","href":"https:\/\/api.w.org\/{rel}","templated":true}]}}