{"id":428,"date":"2024-08-21T11:16:38","date_gmt":"2024-08-21T11:16:38","guid":{"rendered":"http:\/\/2013dagyonetisimi.com\/?p=428"},"modified":"2024-08-21T11:40:19","modified_gmt":"2024-08-21T11:40:19","slug":"izmir-yangini-2024-agustos-ve-1999-marmara-depremi","status":"publish","type":"post","link":"https:\/\/2013dagyonetisimi.com\/index.php\/2024\/08\/21\/izmir-yangini-2024-agustos-ve-1999-marmara-depremi\/","title":{"rendered":"\u0130zmir Yang\u0131n\u0131 2024 A\u011fustos ve 1999 Marmara Depremi"},"content":{"rendered":"\n<p><strong>MARMARA DEPREM\u0130 25. YILINDA \u0130ZM\u0130R&#8217;DE UNUTULMADI<\/strong><\/p>\n\n\n\n<p>\u0130zmir Kent Konseyi Afetler \u00c7al\u0131\u015fma Grubu ve payda\u015f STK&#8217;larca ortakla\u015fa d\u00fczenlenen, anma ve fark\u0131ndal\u0131k etkinli\u011fi, 16 A\u011fustos 2024 Cuma ak\u015fam\u0131 K\u00fclt\u00fcrpark Gen\u00e7lik Tiyatrosu Salonunda Saat: 18.30&#8217;da a\u00e7\u0131l\u0131\u015f ve sayg\u0131 duru\u015fu ile ba\u015flad\u0131. \u0130zmir&#8217;de devam eden \u00e7oklu orman yang\u0131nlar\u0131 nedeniyle \u0130zmir B\u00fcy\u00fck\u015fehir Belediye Ba\u015fkan\u0131 Dr. Cemil TUGAY&#8217;\u0131n da kat\u0131lamad\u0131\u011f\u0131 etkinl\u011fe 35 ki\u015fi kat\u0131ld\u0131. Sunu\u015f ve moderat\u00f6rl\u00fck g\u00f6revini \u0130zKK AFETLER \u00c7al\u0131\u015fma Grubu \u00fcyesi Handan A\u015eAN&#8217;\u0131n yapt\u0131\u011f\u0131 etkinlik, 17 A\u011fustos Depremini An\u0131msatan 7 dakikal\u0131k bir belgesel ile ba\u015flad\u0131. Ard\u0131ndan depremde yitirdiklerimiz an\u0131s\u0131na sayg\u0131 duru\u015fu yap\u0131larak, konu\u015fmalar g\u00fcndemine ge\u00e7ildi. \u0130zKK Y\u00fcr\u00fctme Kurulunu temsilen Av. Burak YILMAZ&#8217;\u0131n konu\u015fmas\u0131ndan sonra AFETLER \u00c7ALI\u015eMA GRUBU Kolayla\u015ft\u0131r\u0131c\u0131s\u0131 Prof. Dr. Zerrin Toprak KARAMAN; &#8220;Kentsel \u015eartlar ve Diren\u00e7lilik&#8221; konulu sunumunu yaparak, kentlerin deprem ba\u015fta olmak \u00fczere afetlere nas\u0131l diren\u00e7li olabilece\u011fini b\u00fct\u00fcnle\u015fik planlamalar dahilinde atlatt\u0131.<\/p>\n\n\n\n<p><br><strong>Prof. Dr. Zerrin Toprak KARAMAN;<br><\/strong>&#8220;<em>1999 Depremi an\u0131s\u0131na Kentsel Diren\u00e7lilik: \u0130zmir Kent Konseyi Afetler \u00c7al\u0131\u015fma Grubu etkinli\u011fimiz; da\u011fl\u0131k alanlar ve afet y\u00f6netimi \u00fczerine \u00e7al\u0131\u015fmak gerekti\u011fi a\u00e7\u0131k\u00e7a bir daha g\u00f6r\u00fcld\u00fc. Da\u011fl\u0131k alan demek daha do\u011fru alg\u0131 y\u00f6netimi a\u00e7\u0131s\u0131ndan dolay\u0131s\u0131yla sarp engebeli s\u00f6zc\u00fckleri \u00e7ok \u015fey ifade etmiyor ve ba\u015far\u0131s\u0131zl\u0131k ortaya \u00e7\u0131k\u0131yor, co\u011frafi terminoloji neyse onu s\u00f6yleyelim ve co\u011frafi konuma g\u00f6re \u00f6nlem planlar\u0131m\u0131z\u0131 da geli\u015ftirelim. En \u00f6nemli konu mekana g\u00f6re ara\u00e7 gere\u00e7 olmas\u0131 a\u011f\u0131r ara\u00e7lar da\u011fl\u0131k arazi de ilerleyemiyor bu defalarca bu nedenle s\u00f6ylendi dolay\u0131s\u0131yla daha ergonomik modelli \u00e7al\u0131\u015fmalar m\u00fchendislerimizin geli\u015ftirmesi gerekiyor.&#8221;<\/em> dedi.<\/p>\n\n\n\n<p><br>Ard\u0131ndan k\u00fcrs\u00fcye gelen <strong>Prof. Dr. G\u00fcrkan ERSOY,<\/strong> <em>&#8220;Depremi \u00c7ocuklara Nas\u0131l Anlatal\u0131m&#8221;<\/em> adl\u0131 konu\u015fmas\u0131n\u0131 yapt\u0131ktan sonra, son konu\u015fmac\u0131 Prof. Dr. Emel KAYIN, <em>&#8220;Afetlere Diren\u00e7lili\u011fin Mimariyle \u0130li\u015fikisini&#8221;<\/em> anlatt\u0131. Etkinlik 10 dakikal\u0131k ikram aras\u0131ndan sonra afet bilince y\u00f6nelik \u0130Z-AFED Tiyatral Anlat\u0131m Ekibinin oynad\u0131\u011f\u0131 <em>&#8220;HAZIR MIYIZ?&#8221;<\/em> adl\u0131 tiyatro g\u00f6sterisine ge\u00e7ildi. Oyundan sonra ekibin kurucusu, oyun yazar\u0131 ve Afet Bilinci E\u011fitmeni Servet ERTA\u015e interaktif bir s\u00f6yle\u015fi ger\u00e7ekle\u015ftirdi.<\/p>\n\n\n\n<p><br><strong>Servet ERTA\u015e<\/strong>; <em>&#8220;Y\u0131llard\u0131r seminerlerle anlatt\u0131\u011f\u0131m\u0131z afet bilinci ve deprem fark\u0131ndal\u0131\u011f\u0131 konusunu, bir de tiyatro ile anlatal\u0131m dedik ve Tiyatral Anlat\u0131m Ekibini kurduk. San\u0131r\u0131m bu T\u00fcrkiye\u2019de bir ilk olacak. Afet bilincini ve g\u00fcvenli ya\u015fam k\u00fclt\u00fcr\u00fcne dair yazd\u0131\u011f\u0131m \u201cHAZIR MIYIZ?\u201d adl\u0131 tiyatro oyununu usta Y\u00f6netmen <strong>Mahir \u00d6ZEL ve Serkan HACIAL\u0130O\u011eLU<\/strong> gibi deneyimli tiyatrocularla birlikte \u00e7al\u0131\u015farak, g\u00f6sterime haz\u0131rlad\u0131k. Yakla\u015f\u0131k 20 dakikal\u0131k bu k\u0131sa oyunla amac\u0131m\u0131z, bug\u00fcne kadar seminer format\u0131nda yap\u0131lan afet bilinci e\u011fitimlerini, bir de sanat\u0131n g\u00fcc\u00fcyle anlatmak. Elbette ki deprem ger\u00e7e\u011finin ciddiyetinden uzakla\u015fmadan. Oyunumuz, genel olarak afet bilinci ve g\u00fcvenli ya\u015fam k\u00fclt\u00fcr\u00fcne dair toplumda do\u011fru san\u0131lan yanl\u0131\u015flara, mizah\u0131 bir dille de\u011finiyor. G\u00fcld\u00fcr\u00fcrken d\u00fc\u015f\u00fcnd\u00fcren ve \u00f6\u011freten oyunda pek \u00e7ok konuya k\u0131saca de\u011finiliyor. Olay\u0131n ge\u00e7ti\u011fi &#8220;Kentsel \u00c7eli\u015fkiler Ofisi&#8221; \u00e7al\u0131\u015fanlar\u0131, ezberleri bozmaya devam edecek. diyebiliriz.&#8221;<\/em> dedi.<br><\/p>\n\n\n\n<p>Etkinlik, \u0130zmir Kent Konseyi ad\u0131na Y\u00fcr\u00fctme Kurulu \u00dcyesi <strong>Emine G\u00dcM\u00dc\u015e<\/strong>&#8216;\u00fcn k\u0131sa bir te\u015fekk\u00fcr konu\u015fmas\u0131ndan sonra konu\u015fmac\u0131lara TE\u015eEKK\u00dcR BELGES\u0130 takdimi ile sona erdi.<\/p>\n","protected":false},"excerpt":{"rendered":"<p>MARMARA DEPREM\u0130 25. YILINDA \u0130ZM\u0130R&#8217;DE UNUTULMADI \u0130zmir Kent Konseyi Afetler \u00c7al\u0131\u015fma Grubu ve payda\u015f STK&#8217;larca ortakla\u015fa d\u00fczenlenen, anma ve fark\u0131ndal\u0131k etkinli\u011fi, 16 A\u011fustos 2024 Cuma ak\u015fam\u0131 K\u00fclt\u00fcrpark Gen\u00e7lik Tiyatrosu Salonunda Saat: 18.30&#8217;da a\u00e7\u0131l\u0131\u015f ve sayg\u0131 duru\u015fu ile ba\u015flad\u0131. \u0130zmir&#8217;de devam eden \u00e7oklu orman yang\u0131nlar\u0131 nedeniyle \u0130zmir B\u00fcy\u00fck\u015fehir Belediye Ba\u015fkan\u0131 Dr. Cemil TUGAY&#8217;\u0131n da kat\u0131lamad\u0131\u011f\u0131 etkinl\u011fe [&hellip;]<\/p>\n","protected":false},"author":2,"featured_media":0,"comment_status":"open","ping_status":"open","sticky":false,"template":"","format":"standard","meta":{"footnotes":""},"categories":[1],"tags":[],"class_list":["post-428","post","type-post","status-publish","format-standard","hentry","category-uncategorized"],"_links":{"self":[{"href":"https:\/\/2013dagyonetisimi.com\/index.php\/wp-json\/wp\/v2\/posts\/428","targetHints":{"allow":["GET"]}}],"collection":[{"href":"https:\/\/2013dagyonetisimi.com\/index.php\/wp-json\/wp\/v2\/posts"}],"about":[{"href":"https:\/\/2013dagyonetisimi.com\/index.php\/wp-json\/wp\/v2\/types\/post"}],"author":[{"embeddable":true,"href":"https:\/\/2013dagyonetisimi.com\/index.php\/wp-json\/wp\/v2\/users\/2"}],"replies":[{"embeddable":true,"href":"https:\/\/2013dagyonetisimi.com\/index.php\/wp-json\/wp\/v2\/comments?post=428"}],"version-history":[{"count":2,"href":"https:\/\/2013dagyonetisimi.com\/index.php\/wp-json\/wp\/v2\/posts\/428\/revisions"}],"predecessor-version":[{"id":430,"href":"https:\/\/2013dagyonetisimi.com\/index.php\/wp-json\/wp\/v2\/posts\/428\/revisions\/430"}],"wp:attachment":[{"href":"https:\/\/2013dagyonetisimi.com\/index.php\/wp-json\/wp\/v2\/media?parent=428"}],"wp:term":[{"taxonomy":"category","embeddable":true,"href":"https:\/\/2013dagyonetisimi.com\/index.php\/wp-json\/wp\/v2\/categories?post=428"},{"taxonomy":"post_tag","embeddable":true,"href":"https:\/\/2013dagyonetisimi.com\/index.php\/wp-json\/wp\/v2\/tags?post=428"}],"curies":[{"name":"wp","href":"https:\/\/api.w.org\/{rel}","templated":true}]}}