{"id":452,"date":"2024-10-28T13:09:40","date_gmt":"2024-10-28T13:09:40","guid":{"rendered":"https:\/\/2013dagyonetisimi.com\/?p=452"},"modified":"2024-10-28T13:09:40","modified_gmt":"2024-10-28T13:09:40","slug":"uluslararasi-dag-gunu-2024-yili-temasi-yenilikcilik-adaptasyon-ve-genclik","status":"publish","type":"post","link":"https:\/\/2013dagyonetisimi.com\/index.php\/2024\/10\/28\/uluslararasi-dag-gunu-2024-yili-temasi-yenilikcilik-adaptasyon-ve-genclik\/","title":{"rendered":"ULUSLARARASI DA\u011e G\u00dcN\u00dc 2024 YILI TEMASI : YEN\u0130L\u0130K\u00c7\u0130L\u0130K, ADAPTASYON VE GEN\u00c7L\u0130K"},"content":{"rendered":"\n<p>\u201cS\u00fcrd\u00fcr\u00fclebilir bir gelecek i\u00e7in da\u011f \u00e7\u00f6z\u00fcmleri \u2013 yenilik\u00e7ilik, adaptasyon ve gen\u00e7lik\u201d 2024 y\u0131l\u0131n\u0131n<\/p>\n\n\n\n<p>11 Aral\u0131k Uluslararas\u0131 Da\u011f G\u00fcn\u00fc&#8217;n\u00fcn temas\u0131d\u0131r.<\/p>\n\n\n\n<p><a href=\"https:\/\/www.fao.org\/international-mountain-day\/theme\/en\">https:\/\/www.fao.org\/international-mountain-day\/theme\/en<\/a><\/p>\n\n\n\n<p>Uluslararas\u0131 Da\u011f G\u00fcn\u00fc 2024 \/International Mountain Day(IMD)<\/p>\n\n\n\n<p>Y\u00fczy\u0131llar boyunca da\u011f topluluklar\u0131 zorlu ortamlar\u0131na uyum sa\u011flamak, iklim de\u011fi\u015fikli\u011fiyle ba\u015fa \u00e7\u0131kmak, yoksullu\u011fu azaltmak ve da\u011f b\u00f6lgelerindeki biyolojik \u00e7e\u015fitlili\u011fi ve ekosistemleri korumak veya restore etmek i\u00e7in \u00e7\u00f6z\u00fcmler geli\u015ftirdiler. Uluslararas\u0131 Da\u011f G\u00fcn\u00fc 2024, yenilik\u00e7i \u00e7\u00f6z\u00fcmlere odaklanmay\u0131, adaptasyon stratejilerini te\u015fvik etmeyi ve s\u00fcrd\u00fcr\u00fclebilir bir gelecek i\u00e7in gen\u00e7leri g\u00fc\u00e7lendirmeyi ama\u00e7lamaktad\u0131r.<br>Yenilik\u00e7ilik, karma\u015f\u0131k da\u011flarla ilgili sorunlar\u0131 ele almak i\u00e7in olmazsa olmazd\u0131r. \u0130zleme ve koruma i\u00e7in dijital \u00e7\u00f6z\u00fcmler gibi teknolojik ilerlemeleri ve iklim a\u00e7\u0131s\u0131ndan ak\u0131ll\u0131 tar\u0131m ve ge\u00e7im kaynaklar\u0131, kaynak y\u00f6netimi ve finansmana y\u00f6nelik yeni yakla\u015f\u0131mlar gibi yarat\u0131c\u0131 sorun \u00e7\u00f6zme y\u00f6ntemlerini kapsar.<\/p>\n\n\n\n<p>\u0130klim de\u011fi\u015fikli\u011fi da\u011flar \u00fczerindeki \u00e7evresel bask\u0131lar\u0131 art\u0131rd\u0131k\u00e7a, dayan\u0131kl\u0131l\u0131k olu\u015fturmak ve k\u0131r\u0131lganl\u0131\u011f\u0131 azaltmak i\u00e7in adaptasyon zorunlu hale gelir. Da\u011f ekosistemlerine ve topluluklar\u0131na g\u00f6re uyarlanm\u0131\u015f adaptasyon stratejileri, afet riskini azaltmaya y\u00f6nelik ekosistem tabanl\u0131 yakla\u015f\u0131mlar ve yerel bilgi sistemlerinin b\u00fct\u00fcnle\u015ftirilmesi gibi \u00e7\u00f6z\u00fcmleri i\u00e7erir.<\/p>\n\n\n\n<p>Gen\u00e7lerin karar alma s\u00fcre\u00e7lerine aktif, anlaml\u0131 ve kapsay\u0131c\u0131 kat\u0131l\u0131m\u0131, da\u011f \u00e7\u00f6z\u00fcmlerinin uzun vadeli s\u00fcrd\u00fcr\u00fclebilirli\u011fini sa\u011flamak i\u00e7in olmazsa olmazd\u0131r. Gen\u00e7ler iklim eylemine, cinsiyet e\u015fitli\u011fine, sosyal adalete, yenilik\u00e7ilik, k\u00fclt\u00fcr\u00fcn te\u015fvikine ve kapsay\u0131c\u0131l\u0131\u011fa ba\u011fl\u0131d\u0131r. Uluslararas\u0131 Da\u011f G\u00fcn\u00fc 2024, gen\u00e7ler i\u00e7in insan onuruna yak\u0131\u015f\u0131r i\u015f ve kaliteli istihdam\u0131, evrensel ve eri\u015filebilir e\u011fitimi ve da\u011f kaynaklar\u0131n\u0131n korunmas\u0131na ve s\u00fcrd\u00fcr\u00fclebilir kullan\u0131m\u0131na katk\u0131da bulunan giri\u015fimcilik f\u0131rsatlar\u0131n\u0131 te\u015fvik eder.<\/p>\n\n\n\n<p>Uluslararas\u0131 Da\u011f G\u00fcn\u00fc (UDG\/IMD) 2024, bilgi al\u0131\u015fveri\u015fi, en iyi uygulamalar\u0131 tan\u0131tma ve kolektif eylemi harekete ge\u00e7irme platformudur. Yenilik\u00e7ilik , adaptasyonu, gen\u00e7lerin g\u00fc\u00e7lendirilmesini ve i\u015fbirlik\u00e7i yakla\u015f\u0131mlar\u0131 benimseyerek, da\u011f topluluklar\u0131 ve ekosistemleri i\u00e7in daha s\u00fcrd\u00fcr\u00fclebilir ve dayan\u0131kl\u0131 bir gelece\u011fe giden yolu a\u00e7abiliriz.<\/p>\n\n\n\n<p>&#8220;S\u00fcrd\u00fcr\u00fclebilir bir gelecek i\u00e7in da\u011f \u00e7\u00f6z\u00fcmleri &#8211; yenilik\u00e7ilik, adaptasyon ve gen\u00e7lik&#8221; 2024 i\u00e7in \u00f6nerilen tema olsa da, \u00fclkeler, topluluklar ve kurulu\u015flar Uluslararas\u0131 Da\u011f G\u00fcn\u00fcn\u00fc kendileri i\u00e7in daha alakal\u0131 bir tema arac\u0131l\u0131\u011f\u0131yla kutlamaya davetlidir.<\/p>\n\n\n\n<p>\u00dclke ve hatta d\u00fcnya i\u00e7in ilave tema &#8220;Yurtta Bar\u0131\u015f Cihanda Bar\u0131\u015f&#8221; teklif ediyorum.<\/p>\n\n\n\n<p>Atat\u00fcrk&#8217;\u00fcm\u00fcz\u00fcn vurgusuyla ve \u00f6ng\u00f6r\u00fcs\u00fcyle.<\/p>\n\n\n<div class=\"wp-block-image\">\n<figure class=\"aligncenter size-full\"><img loading=\"lazy\" decoding=\"async\" width=\"200\" height=\"200\" src=\"https:\/\/2013dagyonetisimi.com\/wp-content\/uploads\/2024\/10\/WhatsApp-Image-2024-10-25-at-17.27.43.jpeg\" alt=\"\" class=\"wp-image-453\" srcset=\"https:\/\/2013dagyonetisimi.com\/wp-content\/uploads\/2024\/10\/WhatsApp-Image-2024-10-25-at-17.27.43.jpeg 200w, https:\/\/2013dagyonetisimi.com\/wp-content\/uploads\/2024\/10\/WhatsApp-Image-2024-10-25-at-17.27.43-150x150.jpeg 150w\" sizes=\"auto, (max-width: 200px) 100vw, 200px\" \/><\/figure>\n<\/div>","protected":false},"excerpt":{"rendered":"<p>\u201cS\u00fcrd\u00fcr\u00fclebilir bir gelecek i\u00e7in da\u011f \u00e7\u00f6z\u00fcmleri \u2013 yenilik\u00e7ilik, adaptasyon ve gen\u00e7lik\u201d 2024 y\u0131l\u0131n\u0131n 11 Aral\u0131k Uluslararas\u0131 Da\u011f G\u00fcn\u00fc&#8217;n\u00fcn temas\u0131d\u0131r. https:\/\/www.fao.org\/international-mountain-day\/theme\/en Uluslararas\u0131 Da\u011f G\u00fcn\u00fc 2024 \/International Mountain Day(IMD) Y\u00fczy\u0131llar boyunca da\u011f topluluklar\u0131 zorlu ortamlar\u0131na uyum sa\u011flamak, iklim de\u011fi\u015fikli\u011fiyle ba\u015fa \u00e7\u0131kmak, yoksullu\u011fu azaltmak ve da\u011f b\u00f6lgelerindeki biyolojik \u00e7e\u015fitlili\u011fi ve ekosistemleri korumak veya restore etmek i\u00e7in \u00e7\u00f6z\u00fcmler geli\u015ftirdiler. [&hellip;]<\/p>\n","protected":false},"author":2,"featured_media":0,"comment_status":"open","ping_status":"open","sticky":false,"template":"","format":"standard","meta":{"footnotes":""},"categories":[1],"tags":[],"class_list":["post-452","post","type-post","status-publish","format-standard","hentry","category-uncategorized"],"_links":{"self":[{"href":"https:\/\/2013dagyonetisimi.com\/index.php\/wp-json\/wp\/v2\/posts\/452","targetHints":{"allow":["GET"]}}],"collection":[{"href":"https:\/\/2013dagyonetisimi.com\/index.php\/wp-json\/wp\/v2\/posts"}],"about":[{"href":"https:\/\/2013dagyonetisimi.com\/index.php\/wp-json\/wp\/v2\/types\/post"}],"author":[{"embeddable":true,"href":"https:\/\/2013dagyonetisimi.com\/index.php\/wp-json\/wp\/v2\/users\/2"}],"replies":[{"embeddable":true,"href":"https:\/\/2013dagyonetisimi.com\/index.php\/wp-json\/wp\/v2\/comments?post=452"}],"version-history":[{"count":1,"href":"https:\/\/2013dagyonetisimi.com\/index.php\/wp-json\/wp\/v2\/posts\/452\/revisions"}],"predecessor-version":[{"id":454,"href":"https:\/\/2013dagyonetisimi.com\/index.php\/wp-json\/wp\/v2\/posts\/452\/revisions\/454"}],"wp:attachment":[{"href":"https:\/\/2013dagyonetisimi.com\/index.php\/wp-json\/wp\/v2\/media?parent=452"}],"wp:term":[{"taxonomy":"category","embeddable":true,"href":"https:\/\/2013dagyonetisimi.com\/index.php\/wp-json\/wp\/v2\/categories?post=452"},{"taxonomy":"post_tag","embeddable":true,"href":"https:\/\/2013dagyonetisimi.com\/index.php\/wp-json\/wp\/v2\/tags?post=452"}],"curies":[{"name":"wp","href":"https:\/\/api.w.org\/{rel}","templated":true}]}}